{"id":1847,"date":"2023-12-22T16:58:18","date_gmt":"2023-12-22T14:58:18","guid":{"rendered":"https:\/\/imagon.fi\/?p=1847"},"modified":"2023-12-22T17:03:18","modified_gmt":"2023-12-22T15:03:18","slug":"imagon-saljer-sina-verksamheter-i-sverige-och-norge-till-det-svenska-foretaget-brandfactory-scandinavia-ab","status":"publish","type":"post","link":"https:\/\/imagon.fi\/sv\/pressmeddelande\/imagon-saljer-sina-verksamheter-i-sverige-och-norge-till-det-svenska-foretaget-brandfactory-scandinavia-ab\/","title":{"rendered":"Imagon s\u00e4ljer sina verksamheter i Sverige och Norge till det svenska f\u00f6retaget BrandFactory Scandinavia AB"},"content":{"rendered":"<p>Imagon har idag s\u00e5lt hela aktiekapitalet i sina dotterbolag Imagon AB och Imagon AS till BrandFactory Scandinavia AB. Aff\u00e4ren st\u00e4rker Imagon Oy:s strategiska beslut och fokuserar verksamheten i Finland samt genom det finska bolaget p\u00e5 internationella marknader.<\/p>\n<p>Imagon Oy och BrandFactory Scandinavia AB har dessutom ing\u00e5tt ett nytt samarbetsavtal f\u00f6r att m\u00f6ta de st\u00f6rsta kundernas behov. Imagon blir en betydande tillverkningspartner f\u00f6r BrandFactory Scandinavia p\u00e5 marknaderna i Sverige och Norge. Dessutom kombinerar Imagon och BrandFactory Scandinavia sin kompetens och kapacitet f\u00f6r att betj\u00e4na vissa kunder \u00e4ven p\u00e5 den finska marknaden.<\/p>\n<p>&#8221;Vi har velat hitta en l\u00e5ngsiktig, ekonomiskt stabil partner som delar v\u00e5r syn p\u00e5 branschens framtid. Vi \u00e4r \u00f6vertygade om att samarbetet med BrandFactory Scandinavia \u00e4r r\u00e4tt v\u00e4g att g\u00e5, och vi \u00e4r glada att kunna st\u00e4rka v\u00e5rt kundutbud i samarbete&#8221;, s\u00e4ger Mikko Okkonen, VD f\u00f6r Imagon Oy.<\/p>\n<p>Imagon \u00e4r ett av Finlands ledande f\u00f6retag inom ljusreklam och skyltning och erbjuder sina kunder \u00e4ven produkter och tj\u00e4nster relaterade till inomhus- och utomhusmilj\u00f6er f\u00f6r aff\u00e4rslokaler. Imagon \u00e4r ett familjef\u00f6retag grundat i Kajana 1988 och har redan 20 \u00e5rs erfarenhet av internationella marknader. Det nyligen inledda samarbetet med BrandFactory Scandinavia st\u00e4rker betydligt f\u00f6retagets verksamhet och \u00f6ppnar upp nya m\u00f6jligheter inom nordiska kundrelationer.<\/p>\n<p>F\u00f6retagsk\u00f6pet inneb\u00e4r att BrandFactory Scandinavia utvidgar sitt utbud och kundkrets. Ambitionen \u00e4r att genom f\u00f6rv\u00e4rvet st\u00e4rka positionen inom digital signage, industridekaler, folie- och skyltl\u00f6sningar p\u00e5 den skandinaviska marknaden.<\/p>\n<p>\u201dVi \u00e4r oerh\u00f6rt glada att v\u00e4lkomna Imagon Sverige och Norge till BrandFactory Scandinavia. BrandFactory och Imagon har l\u00e4nge varit branschkollegor p\u00e5 en dynamisk marknad. Tillsammans kompletterar vi varandra och kommer att kunna erbjuda mer bredd och kapacitet f\u00f6r skyltl\u00f6sningar till v\u00e5ra kunder\u201d, s\u00e4ger Jakob S\u00f6derbaum, VD f\u00f6r <a href=\"https:\/\/brandfactory.se\/\" target=\"_blank\" rel=\"noopener\">BrandFactory Scandinavia<\/a>.<\/p>\n<p><strong>F\u00f6r mer information, kontakta:<\/strong><br \/>\nMikko Okkonen, +358 40 300 4087<br \/>\nmikko.okkonen@imagon.com<br \/>\nwww.imagon.com<\/p>\n","protected":false},"excerpt":{"rendered":"<p>Imagon har idag s\u00e5lt hela aktiekapitalet i sina dotterbolag Imagon AB och Imagon AS till BrandFactory Scandinavia AB. Aff\u00e4ren st\u00e4rker Imagon Oy:s strategiska beslut och fokuserar verksamheten i Finland samt genom det finska bolaget p\u00e5 internationella marknader. Imagon Oy och BrandFactory Scandinavia AB har dessutom ing\u00e5tt ett nytt samarbetsavtal f\u00f6r att m\u00f6ta de st\u00f6rsta kundernas behov. Imagon blir en betydande &#8230; <\/p>\n<div><a href=\"https:\/\/imagon.fi\/sv\/pressmeddelande\/imagon-saljer-sina-verksamheter-i-sverige-och-norge-till-det-svenska-foretaget-brandfactory-scandinavia-ab\/\" class=\"more-link\">L\u00e4s mer<\/a><\/div>\n","protected":false},"author":1,"featured_media":1842,"comment_status":"closed","ping_status":"closed","sticky":false,"template":"","format":"standard","meta":{"footnotes":""},"categories":[27,33],"tags":[],"class_list":["post-1847","post","type-post","status-publish","format-standard","has-post-thumbnail","hentry","category-okategoriserad","category-pressmeddelande"],"yoast_head":"<!-- This site is optimized with the Yoast SEO plugin v27.5 - https:\/\/yoast.com\/product\/yoast-seo-wordpress\/ -->\n<title>Imagon s\u00e4ljer sina verksamheter i Sverige och Norge till det svenska f\u00f6retaget BrandFactory Scandinavia AB &#8211; Imagon<\/title>\n<meta name=\"robots\" content=\"index, follow, max-snippet:-1, max-image-preview:large, max-video-preview:-1\" \/>\n<link rel=\"canonical\" href=\"https:\/\/imagon.fi\/sv\/pressmeddelande\/imagon-saljer-sina-verksamheter-i-sverige-och-norge-till-det-svenska-foretaget-brandfactory-scandinavia-ab\/\" \/>\n<meta property=\"og:locale\" content=\"sv_SE\" \/>\n<meta property=\"og:type\" content=\"article\" \/>\n<meta property=\"og:title\" content=\"Imagon s\u00e4ljer sina verksamheter i Sverige och Norge till det svenska f\u00f6retaget BrandFactory Scandinavia AB &#8211; Imagon\" \/>\n<meta property=\"og:description\" content=\"Imagon har idag s\u00e5lt hela aktiekapitalet i sina dotterbolag Imagon AB och Imagon AS till BrandFactory Scandinavia AB. Aff\u00e4ren st\u00e4rker Imagon Oy:s strategiska beslut och fokuserar verksamheten i Finland samt genom det finska bolaget p\u00e5 internationella marknader. Imagon Oy och BrandFactory Scandinavia AB har dessutom ing\u00e5tt ett nytt samarbetsavtal f\u00f6r att m\u00f6ta de st\u00f6rsta kundernas behov. Imagon blir en betydande ... L\u00e4s mer\" \/>\n<meta property=\"og:url\" content=\"https:\/\/imagon.fi\/sv\/pressmeddelande\/imagon-saljer-sina-verksamheter-i-sverige-och-norge-till-det-svenska-foretaget-brandfactory-scandinavia-ab\/\" \/>\n<meta property=\"og:site_name\" content=\"Imagon\" \/>\n<meta property=\"article:publisher\" content=\"https:\/\/www.facebook.com\/Imagon.Group\/\" \/>\n<meta property=\"article:published_time\" content=\"2023-12-22T14:58:18+00:00\" \/>\n<meta property=\"article:modified_time\" content=\"2023-12-22T15:03:18+00:00\" \/>\n<meta property=\"og:image\" content=\"https:\/\/imagon.fi\/wp-content\/uploads\/imagon-miehet-kyltti-800.webp\" \/>\n\t<meta property=\"og:image:width\" content=\"800\" \/>\n\t<meta property=\"og:image:height\" content=\"389\" \/>\n\t<meta property=\"og:image:type\" content=\"image\/webp\" \/>\n<meta name=\"author\" content=\"admin\" \/>\n<meta name=\"twitter:card\" content=\"summary_large_image\" \/>\n<meta name=\"twitter:label1\" content=\"Skriven av\" \/>\n\t<meta name=\"twitter:data1\" content=\"admin\" \/>\n\t<meta name=\"twitter:label2\" content=\"Ber\u00e4knad l\u00e4stid\" \/>\n\t<meta name=\"twitter:data2\" content=\"2 minuter\" \/>\n<script type=\"application\/ld+json\" class=\"yoast-schema-graph\">{\"@context\":\"https:\\\/\\\/schema.org\",\"@graph\":[{\"@type\":\"Article\",\"@id\":\"https:\\\/\\\/imagon.fi\\\/sv\\\/pressmeddelande\\\/imagon-saljer-sina-verksamheter-i-sverige-och-norge-till-det-svenska-foretaget-brandfactory-scandinavia-ab\\\/#article\",\"isPartOf\":{\"@id\":\"https:\\\/\\\/imagon.fi\\\/sv\\\/pressmeddelande\\\/imagon-saljer-sina-verksamheter-i-sverige-och-norge-till-det-svenska-foretaget-brandfactory-scandinavia-ab\\\/\"},\"author\":{\"name\":\"admin\",\"@id\":\"https:\\\/\\\/imagon.fi\\\/#\\\/schema\\\/person\\\/e8b890942addb556c9cc904b3472fc69\"},\"headline\":\"Imagon s\u00e4ljer sina verksamheter i Sverige och Norge till det svenska f\u00f6retaget BrandFactory Scandinavia AB\",\"datePublished\":\"2023-12-22T14:58:18+00:00\",\"dateModified\":\"2023-12-22T15:03:18+00:00\",\"mainEntityOfPage\":{\"@id\":\"https:\\\/\\\/imagon.fi\\\/sv\\\/pressmeddelande\\\/imagon-saljer-sina-verksamheter-i-sverige-och-norge-till-det-svenska-foretaget-brandfactory-scandinavia-ab\\\/\"},\"wordCount\":350,\"publisher\":{\"@id\":\"https:\\\/\\\/imagon.fi\\\/#organization\"},\"image\":{\"@id\":\"https:\\\/\\\/imagon.fi\\\/sv\\\/pressmeddelande\\\/imagon-saljer-sina-verksamheter-i-sverige-och-norge-till-det-svenska-foretaget-brandfactory-scandinavia-ab\\\/#primaryimage\"},\"thumbnailUrl\":\"https:\\\/\\\/imagon.fi\\\/wp-content\\\/uploads\\\/imagon-miehet-kyltti-800.webp\",\"articleSection\":[\"Okategoriserad\",\"Pressmeddelande\"],\"inLanguage\":\"sv-SE\"},{\"@type\":\"WebPage\",\"@id\":\"https:\\\/\\\/imagon.fi\\\/sv\\\/pressmeddelande\\\/imagon-saljer-sina-verksamheter-i-sverige-och-norge-till-det-svenska-foretaget-brandfactory-scandinavia-ab\\\/\",\"url\":\"https:\\\/\\\/imagon.fi\\\/sv\\\/pressmeddelande\\\/imagon-saljer-sina-verksamheter-i-sverige-och-norge-till-det-svenska-foretaget-brandfactory-scandinavia-ab\\\/\",\"name\":\"Imagon s\u00e4ljer sina verksamheter i Sverige och Norge till det svenska f\u00f6retaget BrandFactory Scandinavia AB &#8211; Imagon\",\"isPartOf\":{\"@id\":\"https:\\\/\\\/imagon.fi\\\/#website\"},\"primaryImageOfPage\":{\"@id\":\"https:\\\/\\\/imagon.fi\\\/sv\\\/pressmeddelande\\\/imagon-saljer-sina-verksamheter-i-sverige-och-norge-till-det-svenska-foretaget-brandfactory-scandinavia-ab\\\/#primaryimage\"},\"image\":{\"@id\":\"https:\\\/\\\/imagon.fi\\\/sv\\\/pressmeddelande\\\/imagon-saljer-sina-verksamheter-i-sverige-och-norge-till-det-svenska-foretaget-brandfactory-scandinavia-ab\\\/#primaryimage\"},\"thumbnailUrl\":\"https:\\\/\\\/imagon.fi\\\/wp-content\\\/uploads\\\/imagon-miehet-kyltti-800.webp\",\"datePublished\":\"2023-12-22T14:58:18+00:00\",\"dateModified\":\"2023-12-22T15:03:18+00:00\",\"breadcrumb\":{\"@id\":\"https:\\\/\\\/imagon.fi\\\/sv\\\/pressmeddelande\\\/imagon-saljer-sina-verksamheter-i-sverige-och-norge-till-det-svenska-foretaget-brandfactory-scandinavia-ab\\\/#breadcrumb\"},\"inLanguage\":\"sv-SE\",\"potentialAction\":[{\"@type\":\"ReadAction\",\"target\":[\"https:\\\/\\\/imagon.fi\\\/sv\\\/pressmeddelande\\\/imagon-saljer-sina-verksamheter-i-sverige-och-norge-till-det-svenska-foretaget-brandfactory-scandinavia-ab\\\/\"]}]},{\"@type\":\"ImageObject\",\"inLanguage\":\"sv-SE\",\"@id\":\"https:\\\/\\\/imagon.fi\\\/sv\\\/pressmeddelande\\\/imagon-saljer-sina-verksamheter-i-sverige-och-norge-till-det-svenska-foretaget-brandfactory-scandinavia-ab\\\/#primaryimage\",\"url\":\"https:\\\/\\\/imagon.fi\\\/wp-content\\\/uploads\\\/imagon-miehet-kyltti-800.webp\",\"contentUrl\":\"https:\\\/\\\/imagon.fi\\\/wp-content\\\/uploads\\\/imagon-miehet-kyltti-800.webp\",\"width\":800,\"height\":389},{\"@type\":\"BreadcrumbList\",\"@id\":\"https:\\\/\\\/imagon.fi\\\/sv\\\/pressmeddelande\\\/imagon-saljer-sina-verksamheter-i-sverige-och-norge-till-det-svenska-foretaget-brandfactory-scandinavia-ab\\\/#breadcrumb\",\"itemListElement\":[{\"@type\":\"ListItem\",\"position\":1,\"name\":\"Etusivu\",\"item\":\"https:\\\/\\\/imagon.fi\\\/\"},{\"@type\":\"ListItem\",\"position\":2,\"name\":\"Imagon s\u00e4ljer sina verksamheter i Sverige och Norge till det svenska f\u00f6retaget BrandFactory Scandinavia AB\"}]},{\"@type\":\"WebSite\",\"@id\":\"https:\\\/\\\/imagon.fi\\\/#website\",\"url\":\"https:\\\/\\\/imagon.fi\\\/\",\"name\":\"Imagon\",\"description\":\"Valomainokset\",\"publisher\":{\"@id\":\"https:\\\/\\\/imagon.fi\\\/#organization\"},\"potentialAction\":[{\"@type\":\"SearchAction\",\"target\":{\"@type\":\"EntryPoint\",\"urlTemplate\":\"https:\\\/\\\/imagon.fi\\\/?s={search_term_string}\"},\"query-input\":{\"@type\":\"PropertyValueSpecification\",\"valueRequired\":true,\"valueName\":\"search_term_string\"}}],\"inLanguage\":\"sv-SE\"},{\"@type\":\"Organization\",\"@id\":\"https:\\\/\\\/imagon.fi\\\/#organization\",\"name\":\"Imagon Oy\",\"url\":\"https:\\\/\\\/imagon.fi\\\/\",\"logo\":{\"@type\":\"ImageObject\",\"inLanguage\":\"sv-SE\",\"@id\":\"https:\\\/\\\/imagon.fi\\\/#\\\/schema\\\/logo\\\/image\\\/\",\"url\":\"https:\\\/\\\/imagon.fi\\\/wp-content\\\/uploads\\\/imagon-logo.png\",\"contentUrl\":\"https:\\\/\\\/imagon.fi\\\/wp-content\\\/uploads\\\/imagon-logo.png\",\"width\":409,\"height\":106,\"caption\":\"Imagon Oy\"},\"image\":{\"@id\":\"https:\\\/\\\/imagon.fi\\\/#\\\/schema\\\/logo\\\/image\\\/\"},\"sameAs\":[\"https:\\\/\\\/www.facebook.com\\\/Imagon.Group\\\/\"]},{\"@type\":\"Person\",\"@id\":\"https:\\\/\\\/imagon.fi\\\/#\\\/schema\\\/person\\\/e8b890942addb556c9cc904b3472fc69\",\"name\":\"admin\",\"image\":{\"@type\":\"ImageObject\",\"inLanguage\":\"sv-SE\",\"@id\":\"https:\\\/\\\/secure.gravatar.com\\\/avatar\\\/77bd708d937307e096c8153256cc143f47466e14ba77c19ec064122940810404?s=96&d=mm&r=g\",\"url\":\"https:\\\/\\\/secure.gravatar.com\\\/avatar\\\/77bd708d937307e096c8153256cc143f47466e14ba77c19ec064122940810404?s=96&d=mm&r=g\",\"contentUrl\":\"https:\\\/\\\/secure.gravatar.com\\\/avatar\\\/77bd708d937307e096c8153256cc143f47466e14ba77c19ec064122940810404?s=96&d=mm&r=g\",\"caption\":\"admin\"},\"sameAs\":[\"https:\\\/\\\/imagon.fi\"],\"url\":\"https:\\\/\\\/imagon.fi\\\/sv\\\/author\\\/admin\\\/\"}]}<\/script>\n<!-- \/ Yoast SEO plugin. -->","yoast_head_json":{"title":"Imagon s\u00e4ljer sina verksamheter i Sverige och Norge till det svenska f\u00f6retaget BrandFactory Scandinavia AB &#8211; Imagon","robots":{"index":"index","follow":"follow","max-snippet":"max-snippet:-1","max-image-preview":"max-image-preview:large","max-video-preview":"max-video-preview:-1"},"canonical":"https:\/\/imagon.fi\/sv\/pressmeddelande\/imagon-saljer-sina-verksamheter-i-sverige-och-norge-till-det-svenska-foretaget-brandfactory-scandinavia-ab\/","og_locale":"sv_SE","og_type":"article","og_title":"Imagon s\u00e4ljer sina verksamheter i Sverige och Norge till det svenska f\u00f6retaget BrandFactory Scandinavia AB &#8211; Imagon","og_description":"Imagon har idag s\u00e5lt hela aktiekapitalet i sina dotterbolag Imagon AB och Imagon AS till BrandFactory Scandinavia AB. Aff\u00e4ren st\u00e4rker Imagon Oy:s strategiska beslut och fokuserar verksamheten i Finland samt genom det finska bolaget p\u00e5 internationella marknader. Imagon Oy och BrandFactory Scandinavia AB har dessutom ing\u00e5tt ett nytt samarbetsavtal f\u00f6r att m\u00f6ta de st\u00f6rsta kundernas behov. Imagon blir en betydande ... L\u00e4s mer","og_url":"https:\/\/imagon.fi\/sv\/pressmeddelande\/imagon-saljer-sina-verksamheter-i-sverige-och-norge-till-det-svenska-foretaget-brandfactory-scandinavia-ab\/","og_site_name":"Imagon","article_publisher":"https:\/\/www.facebook.com\/Imagon.Group\/","article_published_time":"2023-12-22T14:58:18+00:00","article_modified_time":"2023-12-22T15:03:18+00:00","og_image":[{"width":800,"height":389,"url":"https:\/\/imagon.fi\/wp-content\/uploads\/imagon-miehet-kyltti-800.webp","type":"image\/webp"}],"author":"admin","twitter_card":"summary_large_image","twitter_misc":{"Skriven av":"admin","Ber\u00e4knad l\u00e4stid":"2 minuter"},"schema":{"@context":"https:\/\/schema.org","@graph":[{"@type":"Article","@id":"https:\/\/imagon.fi\/sv\/pressmeddelande\/imagon-saljer-sina-verksamheter-i-sverige-och-norge-till-det-svenska-foretaget-brandfactory-scandinavia-ab\/#article","isPartOf":{"@id":"https:\/\/imagon.fi\/sv\/pressmeddelande\/imagon-saljer-sina-verksamheter-i-sverige-och-norge-till-det-svenska-foretaget-brandfactory-scandinavia-ab\/"},"author":{"name":"admin","@id":"https:\/\/imagon.fi\/#\/schema\/person\/e8b890942addb556c9cc904b3472fc69"},"headline":"Imagon s\u00e4ljer sina verksamheter i Sverige och Norge till det svenska f\u00f6retaget BrandFactory Scandinavia AB","datePublished":"2023-12-22T14:58:18+00:00","dateModified":"2023-12-22T15:03:18+00:00","mainEntityOfPage":{"@id":"https:\/\/imagon.fi\/sv\/pressmeddelande\/imagon-saljer-sina-verksamheter-i-sverige-och-norge-till-det-svenska-foretaget-brandfactory-scandinavia-ab\/"},"wordCount":350,"publisher":{"@id":"https:\/\/imagon.fi\/#organization"},"image":{"@id":"https:\/\/imagon.fi\/sv\/pressmeddelande\/imagon-saljer-sina-verksamheter-i-sverige-och-norge-till-det-svenska-foretaget-brandfactory-scandinavia-ab\/#primaryimage"},"thumbnailUrl":"https:\/\/imagon.fi\/wp-content\/uploads\/imagon-miehet-kyltti-800.webp","articleSection":["Okategoriserad","Pressmeddelande"],"inLanguage":"sv-SE"},{"@type":"WebPage","@id":"https:\/\/imagon.fi\/sv\/pressmeddelande\/imagon-saljer-sina-verksamheter-i-sverige-och-norge-till-det-svenska-foretaget-brandfactory-scandinavia-ab\/","url":"https:\/\/imagon.fi\/sv\/pressmeddelande\/imagon-saljer-sina-verksamheter-i-sverige-och-norge-till-det-svenska-foretaget-brandfactory-scandinavia-ab\/","name":"Imagon s\u00e4ljer sina verksamheter i Sverige och Norge till det svenska f\u00f6retaget BrandFactory Scandinavia AB &#8211; Imagon","isPartOf":{"@id":"https:\/\/imagon.fi\/#website"},"primaryImageOfPage":{"@id":"https:\/\/imagon.fi\/sv\/pressmeddelande\/imagon-saljer-sina-verksamheter-i-sverige-och-norge-till-det-svenska-foretaget-brandfactory-scandinavia-ab\/#primaryimage"},"image":{"@id":"https:\/\/imagon.fi\/sv\/pressmeddelande\/imagon-saljer-sina-verksamheter-i-sverige-och-norge-till-det-svenska-foretaget-brandfactory-scandinavia-ab\/#primaryimage"},"thumbnailUrl":"https:\/\/imagon.fi\/wp-content\/uploads\/imagon-miehet-kyltti-800.webp","datePublished":"2023-12-22T14:58:18+00:00","dateModified":"2023-12-22T15:03:18+00:00","breadcrumb":{"@id":"https:\/\/imagon.fi\/sv\/pressmeddelande\/imagon-saljer-sina-verksamheter-i-sverige-och-norge-till-det-svenska-foretaget-brandfactory-scandinavia-ab\/#breadcrumb"},"inLanguage":"sv-SE","potentialAction":[{"@type":"ReadAction","target":["https:\/\/imagon.fi\/sv\/pressmeddelande\/imagon-saljer-sina-verksamheter-i-sverige-och-norge-till-det-svenska-foretaget-brandfactory-scandinavia-ab\/"]}]},{"@type":"ImageObject","inLanguage":"sv-SE","@id":"https:\/\/imagon.fi\/sv\/pressmeddelande\/imagon-saljer-sina-verksamheter-i-sverige-och-norge-till-det-svenska-foretaget-brandfactory-scandinavia-ab\/#primaryimage","url":"https:\/\/imagon.fi\/wp-content\/uploads\/imagon-miehet-kyltti-800.webp","contentUrl":"https:\/\/imagon.fi\/wp-content\/uploads\/imagon-miehet-kyltti-800.webp","width":800,"height":389},{"@type":"BreadcrumbList","@id":"https:\/\/imagon.fi\/sv\/pressmeddelande\/imagon-saljer-sina-verksamheter-i-sverige-och-norge-till-det-svenska-foretaget-brandfactory-scandinavia-ab\/#breadcrumb","itemListElement":[{"@type":"ListItem","position":1,"name":"Etusivu","item":"https:\/\/imagon.fi\/"},{"@type":"ListItem","position":2,"name":"Imagon s\u00e4ljer sina verksamheter i Sverige och Norge till det svenska f\u00f6retaget BrandFactory Scandinavia AB"}]},{"@type":"WebSite","@id":"https:\/\/imagon.fi\/#website","url":"https:\/\/imagon.fi\/","name":"Imagon","description":"Valomainokset","publisher":{"@id":"https:\/\/imagon.fi\/#organization"},"potentialAction":[{"@type":"SearchAction","target":{"@type":"EntryPoint","urlTemplate":"https:\/\/imagon.fi\/?s={search_term_string}"},"query-input":{"@type":"PropertyValueSpecification","valueRequired":true,"valueName":"search_term_string"}}],"inLanguage":"sv-SE"},{"@type":"Organization","@id":"https:\/\/imagon.fi\/#organization","name":"Imagon Oy","url":"https:\/\/imagon.fi\/","logo":{"@type":"ImageObject","inLanguage":"sv-SE","@id":"https:\/\/imagon.fi\/#\/schema\/logo\/image\/","url":"https:\/\/imagon.fi\/wp-content\/uploads\/imagon-logo.png","contentUrl":"https:\/\/imagon.fi\/wp-content\/uploads\/imagon-logo.png","width":409,"height":106,"caption":"Imagon Oy"},"image":{"@id":"https:\/\/imagon.fi\/#\/schema\/logo\/image\/"},"sameAs":["https:\/\/www.facebook.com\/Imagon.Group\/"]},{"@type":"Person","@id":"https:\/\/imagon.fi\/#\/schema\/person\/e8b890942addb556c9cc904b3472fc69","name":"admin","image":{"@type":"ImageObject","inLanguage":"sv-SE","@id":"https:\/\/secure.gravatar.com\/avatar\/77bd708d937307e096c8153256cc143f47466e14ba77c19ec064122940810404?s=96&d=mm&r=g","url":"https:\/\/secure.gravatar.com\/avatar\/77bd708d937307e096c8153256cc143f47466e14ba77c19ec064122940810404?s=96&d=mm&r=g","contentUrl":"https:\/\/secure.gravatar.com\/avatar\/77bd708d937307e096c8153256cc143f47466e14ba77c19ec064122940810404?s=96&d=mm&r=g","caption":"admin"},"sameAs":["https:\/\/imagon.fi"],"url":"https:\/\/imagon.fi\/sv\/author\/admin\/"}]}},"_links":{"self":[{"href":"https:\/\/imagon.fi\/sv\/wp-json\/wp\/v2\/posts\/1847","targetHints":{"allow":["GET"]}}],"collection":[{"href":"https:\/\/imagon.fi\/sv\/wp-json\/wp\/v2\/posts"}],"about":[{"href":"https:\/\/imagon.fi\/sv\/wp-json\/wp\/v2\/types\/post"}],"author":[{"embeddable":true,"href":"https:\/\/imagon.fi\/sv\/wp-json\/wp\/v2\/users\/1"}],"replies":[{"embeddable":true,"href":"https:\/\/imagon.fi\/sv\/wp-json\/wp\/v2\/comments?post=1847"}],"version-history":[{"count":2,"href":"https:\/\/imagon.fi\/sv\/wp-json\/wp\/v2\/posts\/1847\/revisions"}],"predecessor-version":[{"id":1860,"href":"https:\/\/imagon.fi\/sv\/wp-json\/wp\/v2\/posts\/1847\/revisions\/1860"}],"wp:featuredmedia":[{"embeddable":true,"href":"https:\/\/imagon.fi\/sv\/wp-json\/wp\/v2\/media\/1842"}],"wp:attachment":[{"href":"https:\/\/imagon.fi\/sv\/wp-json\/wp\/v2\/media?parent=1847"}],"wp:term":[{"taxonomy":"category","embeddable":true,"href":"https:\/\/imagon.fi\/sv\/wp-json\/wp\/v2\/categories?post=1847"},{"taxonomy":"post_tag","embeddable":true,"href":"https:\/\/imagon.fi\/sv\/wp-json\/wp\/v2\/tags?post=1847"}],"curies":[{"name":"wp","href":"https:\/\/api.w.org\/{rel}","templated":true}]}}